{"id":50,"date":"2023-11-14T10:30:22","date_gmt":"2023-11-14T10:30:22","guid":{"rendered":"http:\/\/demo.acmethemes.com\/construction-field-pro\/?p=171"},"modified":"2024-04-10T21:46:05","modified_gmt":"2024-04-10T21:46:05","slug":"recursos-madera","status":"publish","type":"post","link":"https:\/\/bioterre.es\/ca\/2023\/11\/14\/recursos-madera\/","title":{"rendered":"ESTEM AMPLIANT ELS RECURSOS DE TREBALL AMB FUSTA"},"content":{"rendered":"<figure class=\"wp-block-image size-large\"><img decoding=\"async\" width=\"1024\" height=\"576\" src=\"https:\/\/bioterre.es\/wp-content\/uploads\/2023\/11\/Foto-entrada-2-promocions-bioterre-1-1024x576.webp\" alt=\"\" class=\"wp-image-751\" srcset=\"https:\/\/bioterre.es\/wp-content\/uploads\/2023\/11\/Foto-entrada-2-promocions-bioterre-1-1024x576.webp 1024w, https:\/\/bioterre.es\/wp-content\/uploads\/2023\/11\/Foto-entrada-2-promocions-bioterre-1-300x169.webp 300w, https:\/\/bioterre.es\/wp-content\/uploads\/2023\/11\/Foto-entrada-2-promocions-bioterre-1-768x432.webp 768w, https:\/\/bioterre.es\/wp-content\/uploads\/2023\/11\/Foto-entrada-2-promocions-bioterre-1-1536x864.webp 1536w, https:\/\/bioterre.es\/wp-content\/uploads\/2023\/11\/Foto-entrada-2-promocions-bioterre-1-2048x1152.webp 2048w, https:\/\/bioterre.es\/wp-content\/uploads\/2023\/11\/Foto-entrada-2-promocions-bioterre-1-18x10.webp 18w, https:\/\/bioterre.es\/wp-content\/uploads\/2023\/11\/Foto-entrada-2-promocions-bioterre-1-600x337.webp 600w\" sizes=\"(max-width: 1024px) 100vw, 1024px\" \/><\/figure>\n\n\n\n<p>Fa uns dies ens va arribar un nou carregament on hem invertit en una nova m\u00e0quina per fer feines amb la fusta que ens van sortint de la serradora.<\/p>\n\n\n\n<p>Sempre ens ha agradat treballar amb la fusta, al principi pensem a afegir la serradora a la f\u00e0brica per poder preparar les bigues de les teulades que fem nosaltres mateixos. Despr\u00e9s d'un any experimentant amb aquesta nova incorporaci\u00f3, ens vam adonar que a m\u00e9s de les bigues, tamb\u00e9 podr\u00edem treure els entaulats que solem fer servir per recobrir els sostres. Aix\u00ed que hem invertit en una fresadora per fer les puntes que cal tenir a la fusta per fer aquest tipus de sostre.<\/p>\n\n\n\n<p>Aquest ser\u00e0 un nou servei que oferirem als nostres clients.<\/p>\n\n\n\n<p>Aviat la muntarem i la posarem en marxa, i sempre compartim el nostre dia a dia a instagram, per si vols ser el primer a assabentar-te!<\/p>\n\n\n\n<p>De moment, la nostra primera idea de disposar nosaltres mateixos les bigues requerides en un projecte en qu\u00e8 treballem com a constructors, est\u00e0 tenint molt bona acollida.<\/p>\n\n\n\n<p>Si vols formar part del poble Bioterre i estar informat de tot, el nostre dia a dia, novetats, qu\u00e8 fem, on som, ofertes\u2026 segueix-nos la pista de ben a prop subscrivint-te a la nostra newsletter, prometem no fer spam, i seguint-nos a instagram @promocionsbioterre !&nbsp;<\/p>\n\n\n\n<p><strong>A reveure volgut poble.<\/strong><\/p>\n\n\n\n<p><strong>M.<\/strong><\/p>","protected":false},"excerpt":{"rendered":"<p>Hace unos d\u00edas nos lleg\u00f3 un nuevo cargamento d\u00f3nde hemos invertido en una nueva m\u00e1quina para hacer trabajos con la madera que nos van saliendo del aserradero. Siempre nos ha gustado trabajar con la madera, al principio pensamos en a\u00f1adir el aserradero a la f\u00e1brica para poder preparar las vigas de los tejados que hacemos [&hellip;]<\/p>","protected":false},"author":1,"featured_media":751,"comment_status":"closed","ping_status":"closed","sticky":false,"template":"","format":"standard","meta":{"footnotes":""},"categories":[27],"tags":[52,51],"class_list":["post-50","post","type-post","status-publish","format-standard","has-post-thumbnail","hentry","category-blog","tag-aserradero","tag-novedad"],"_links":{"self":[{"href":"https:\/\/bioterre.es\/ca\/wp-json\/wp\/v2\/posts\/50","targetHints":{"allow":["GET"]}}],"collection":[{"href":"https:\/\/bioterre.es\/ca\/wp-json\/wp\/v2\/posts"}],"about":[{"href":"https:\/\/bioterre.es\/ca\/wp-json\/wp\/v2\/types\/post"}],"author":[{"embeddable":true,"href":"https:\/\/bioterre.es\/ca\/wp-json\/wp\/v2\/users\/1"}],"replies":[{"embeddable":true,"href":"https:\/\/bioterre.es\/ca\/wp-json\/wp\/v2\/comments?post=50"}],"version-history":[{"count":1,"href":"https:\/\/bioterre.es\/ca\/wp-json\/wp\/v2\/posts\/50\/revisions"}],"predecessor-version":[{"id":1083,"href":"https:\/\/bioterre.es\/ca\/wp-json\/wp\/v2\/posts\/50\/revisions\/1083"}],"wp:featuredmedia":[{"embeddable":true,"href":"https:\/\/bioterre.es\/ca\/wp-json\/wp\/v2\/media\/751"}],"wp:attachment":[{"href":"https:\/\/bioterre.es\/ca\/wp-json\/wp\/v2\/media?parent=50"}],"wp:term":[{"taxonomy":"category","embeddable":true,"href":"https:\/\/bioterre.es\/ca\/wp-json\/wp\/v2\/categories?post=50"},{"taxonomy":"post_tag","embeddable":true,"href":"https:\/\/bioterre.es\/ca\/wp-json\/wp\/v2\/tags?post=50"}],"curies":[{"name":"wp","href":"https:\/\/api.w.org\/{rel}","templated":true}]}}