{"id":48,"date":"2023-11-14T10:36:11","date_gmt":"2023-11-14T10:36:11","guid":{"rendered":"http:\/\/demo.acmethemes.com\/construction-field-pro\/?p=179"},"modified":"2024-04-10T21:47:24","modified_gmt":"2024-04-10T21:47:24","slug":"novedad","status":"publish","type":"post","link":"https:\/\/bioterre.es\/ca\/2023\/11\/14\/novedad\/","title":{"rendered":"NOVETAT"},"content":{"rendered":"<figure class=\"wp-block-image size-large\"><img decoding=\"async\" width=\"1024\" height=\"576\" src=\"https:\/\/bioterre.es\/wp-content\/uploads\/2023\/11\/Foto-entrada-1-promocions-bioterre-1-1024x576.webp\" alt=\"\" class=\"wp-image-752\" srcset=\"https:\/\/bioterre.es\/wp-content\/uploads\/2023\/11\/Foto-entrada-1-promocions-bioterre-1-1024x576.webp 1024w, https:\/\/bioterre.es\/wp-content\/uploads\/2023\/11\/Foto-entrada-1-promocions-bioterre-1-300x169.webp 300w, https:\/\/bioterre.es\/wp-content\/uploads\/2023\/11\/Foto-entrada-1-promocions-bioterre-1-768x432.webp 768w, https:\/\/bioterre.es\/wp-content\/uploads\/2023\/11\/Foto-entrada-1-promocions-bioterre-1-1536x864.webp 1536w, https:\/\/bioterre.es\/wp-content\/uploads\/2023\/11\/Foto-entrada-1-promocions-bioterre-1-2048x1152.webp 2048w, https:\/\/bioterre.es\/wp-content\/uploads\/2023\/11\/Foto-entrada-1-promocions-bioterre-1-18x10.webp 18w, https:\/\/bioterre.es\/wp-content\/uploads\/2023\/11\/Foto-entrada-1-promocions-bioterre-1-600x338.webp 600w\" sizes=\"(max-width: 1024px) 100vw, 1024px\" \/><\/figure>\n\n\n\n<p>Aix\u00ed que hem estrenat nova web amb un nou apartat de bloc i no tens idea de quant trobava a faltar poder parlar-vos aix\u00ed, m\u00e9s en detall i amb m\u00e9s intimitat de tot el que estem fent per aqu\u00ed.<\/p>\n\n\n\n<p>Per comen\u00e7ar t'explico com funcionar\u00e0 aquest nou apartat.<\/p>\n\n\n\n<p>El bloc \u00e9s una eina genial per mantenir-te al corrent de tot el que passa darrere de les portes.<\/p>\n\n\n\n<p>La intenci\u00f3 \u00e9s mantenir una const\u00e0ncia duna actualitzaci\u00f3 quinzenal del bloc per al progr\u00e9s de construcci\u00f3 de noves obres. A banda d'una nova entrada amb abans i despr\u00e9s en dies aleatoris de feines que hem fet i farem en el futur.<\/p>\n\n\n\n<p>Tamb\u00e9 informar sobre la nostra agenda, llocs on estarem perqu\u00e8 ens segueixis la pista i puguis con\u00e8ixer el nostre producte ia nosaltres de prop.<\/p>\n\n\n\n<p>A m\u00e9s de tot all\u00f2 que s\u00f3n avisos i progressos de recerca i aven\u00e7os del sector, el que estem fent i com ens afecta.<\/p>\n\n\n\n<p>Volem continuar creixent, seguir avan\u00e7ant i volem fer-ho amb tu, que ens acompanyis a la nostra jornada i ens ajudis. Perqu\u00e8 nom\u00e9s tu saps qu\u00e8 necessites de nosaltres i nosaltres volem ser qui et vingui al cap quan pensis en qui necessites perqu\u00e8 t'ajudi.<\/p>\n\n\n\n<p>I si vols formar part del poble de Bioterre, rebent de primera m\u00e0 les millors novetats i ofertes nom\u00e9s per a subscriptors, <a href=\"https:\/\/subscribepage.io\/promocionsbioterre\" title=\"subscripci\u00f3\">fes clic aqu\u00ed ara i subscriu-te ja al nostre butllet\u00ed!<\/a><\/p>\n\n\n\n<p>Tamb\u00e9 et recomanem que ens segueixis a instagram <a href=\"http:\/\/www.instagram.com\/promocionsbioterre\" title=\"\">@promocionsbioterre<\/a> i no et perdis res!&nbsp;<\/p>\n\n\n\n<p class=\"has-black-color has-text-color has-link-color wp-elements-bf8f10b7d8edc75ff124138a506d9ff2\"><strong>A reveure volgut poble.<\/strong><\/p>\n\n\n\n<p class=\"has-black-color has-text-color has-link-color wp-elements-818a57d27593be8ee545023f57203b8a\"><strong>M.<\/strong><\/p>","protected":false},"excerpt":{"rendered":"<p>As\u00ed que hemos estrenado nueva web con un nuevo apartado de blog y no tienes idea de cu\u00e1nto echaba de menos poder hablaros as\u00ed, m\u00e1s en detalle y con m\u00e1s intimidad de todo lo que estamos haciendo por aqu\u00ed. Para empezar te explico como va a funcionar este nuevo apartado. El blog es una herramienta [&hellip;]<\/p>","protected":false},"author":1,"featured_media":752,"comment_status":"closed","ping_status":"closed","sticky":false,"template":"","format":"standard","meta":{"footnotes":""},"categories":[27],"tags":[51],"class_list":["post-48","post","type-post","status-publish","format-standard","has-post-thumbnail","hentry","category-blog","tag-novedad"],"_links":{"self":[{"href":"https:\/\/bioterre.es\/ca\/wp-json\/wp\/v2\/posts\/48","targetHints":{"allow":["GET"]}}],"collection":[{"href":"https:\/\/bioterre.es\/ca\/wp-json\/wp\/v2\/posts"}],"about":[{"href":"https:\/\/bioterre.es\/ca\/wp-json\/wp\/v2\/types\/post"}],"author":[{"embeddable":true,"href":"https:\/\/bioterre.es\/ca\/wp-json\/wp\/v2\/users\/1"}],"replies":[{"embeddable":true,"href":"https:\/\/bioterre.es\/ca\/wp-json\/wp\/v2\/comments?post=48"}],"version-history":[{"count":1,"href":"https:\/\/bioterre.es\/ca\/wp-json\/wp\/v2\/posts\/48\/revisions"}],"predecessor-version":[{"id":1084,"href":"https:\/\/bioterre.es\/ca\/wp-json\/wp\/v2\/posts\/48\/revisions\/1084"}],"wp:featuredmedia":[{"embeddable":true,"href":"https:\/\/bioterre.es\/ca\/wp-json\/wp\/v2\/media\/752"}],"wp:attachment":[{"href":"https:\/\/bioterre.es\/ca\/wp-json\/wp\/v2\/media?parent=48"}],"wp:term":[{"taxonomy":"category","embeddable":true,"href":"https:\/\/bioterre.es\/ca\/wp-json\/wp\/v2\/categories?post=48"},{"taxonomy":"post_tag","embeddable":true,"href":"https:\/\/bioterre.es\/ca\/wp-json\/wp\/v2\/tags?post=48"}],"curies":[{"name":"wp","href":"https:\/\/api.w.org\/{rel}","templated":true}]}}